{"id":77423,"date":"2022-09-05T11:37:05","date_gmt":"2022-09-05T11:37:05","guid":{"rendered":"https:\/\/agrinet.ef.uns.ac.rs\/?p=77423"},"modified":"2022-09-09T20:35:17","modified_gmt":"2022-09-09T20:35:17","slug":"studijska-poseta-institutu-iamo","status":"publish","type":"post","link":"https:\/\/agrinet.ef.uns.ac.rs\/?p=77423","title":{"rendered":"STUDIJSKA POSETA INSTITUTU IAMO"},"content":{"rendered":"\n<p>U periodu 23-26. avgusta \u010dlanovi projektnog tima boravili su u studijskoj poseti u Haleu (Nema\u010dka) gde su predstavljena dosada\u0161nja istra\u017eivanja \u010dlanova projektnog tima, kao i istra\u017eiva\u010dki planovi za dalje radove u okviru projekta AgriNET \u2013 \u201eNetwork building in the field of competitiveness of agri-food sector of Serbia and the EU countries.<\/p>\n\n\n\n<div class=\"wp-block-file\"><a href=\"https:\/\/agrinet.ef.uns.ac.rs\/wp-content\/uploads\/2022\/09\/AgriNET-Agenda-IAMO.pdf\">AgriNET-Agenda-IAMO<\/a><a href=\"https:\/\/agrinet.ef.uns.ac.rs\/wp-content\/uploads\/2022\/09\/AgriNET-Agenda-IAMO.pdf\" class=\"wp-block-file__button\" download>Download<\/a><\/div>\n\n\n\n<figure class=\"wp-block-video\"><video controls src=\"https:\/\/agrinet.ef.uns.ac.rs\/wp-content\/uploads\/2022\/09\/AgriNET.mp4\"><\/video><\/figure>\n","protected":false},"excerpt":{"rendered":"<p>U periodu 23-26. avgusta \u010dlanovi projektnog tima boravili su u studijskoj poseti u Haleu (Nema\u010dka) gde su predstavljena dosada\u0161nja istra\u017eivanja \u010dlanova projektnog tima, kao i istra\u017eiva\u010dki planovi za dalje radove u okviru projekta AgriNET \u2013 \u201eNetwork building in the field of competitiveness of agri-food sector of Serbia and the EU countries.<\/p>\n","protected":false},"author":2,"featured_media":77428,"comment_status":"closed","ping_status":"closed","sticky":false,"template":"","format":"standard","meta":[],"categories":[45],"tags":[111,112,114],"_links":{"self":[{"href":"https:\/\/agrinet.ef.uns.ac.rs\/index.php?rest_route=\/wp\/v2\/posts\/77423"}],"collection":[{"href":"https:\/\/agrinet.ef.uns.ac.rs\/index.php?rest_route=\/wp\/v2\/posts"}],"about":[{"href":"https:\/\/agrinet.ef.uns.ac.rs\/index.php?rest_route=\/wp\/v2\/types\/post"}],"author":[{"embeddable":true,"href":"https:\/\/agrinet.ef.uns.ac.rs\/index.php?rest_route=\/wp\/v2\/users\/2"}],"replies":[{"embeddable":true,"href":"https:\/\/agrinet.ef.uns.ac.rs\/index.php?rest_route=%2Fwp%2Fv2%2Fcomments&post=77423"}],"version-history":[{"count":14,"href":"https:\/\/agrinet.ef.uns.ac.rs\/index.php?rest_route=\/wp\/v2\/posts\/77423\/revisions"}],"predecessor-version":[{"id":77488,"href":"https:\/\/agrinet.ef.uns.ac.rs\/index.php?rest_route=\/wp\/v2\/posts\/77423\/revisions\/77488"}],"wp:featuredmedia":[{"embeddable":true,"href":"https:\/\/agrinet.ef.uns.ac.rs\/index.php?rest_route=\/wp\/v2\/media\/77428"}],"wp:attachment":[{"href":"https:\/\/agrinet.ef.uns.ac.rs\/index.php?rest_route=%2Fwp%2Fv2%2Fmedia&parent=77423"}],"wp:term":[{"taxonomy":"category","embeddable":true,"href":"https:\/\/agrinet.ef.uns.ac.rs\/index.php?rest_route=%2Fwp%2Fv2%2Fcategories&post=77423"},{"taxonomy":"post_tag","embeddable":true,"href":"https:\/\/agrinet.ef.uns.ac.rs\/index.php?rest_route=%2Fwp%2Fv2%2Ftags&post=77423"}],"curies":[{"name":"wp","href":"https:\/\/api.w.org\/{rel}","templated":true}]}}